{"id":4539,"date":"2022-10-29T16:52:00","date_gmt":"2022-10-29T16:52:00","guid":{"rendered":"https:\/\/www.runakayplus.com\/sin-categoria\/our-organic-ice-creams-at-the-natura-fair-in-malaga\/"},"modified":"2026-04-19T14:36:04","modified_gmt":"2026-04-19T14:36:04","slug":"our-organic-ice-creams-at-the-natura-fair-in-malaga","status":"publish","type":"post","link":"https:\/\/www.runakayplus.com\/en\/blog\/our-organic-ice-creams-at-the-natura-fair-in-malaga\/","title":{"rendered":"Our organic ice creams at the Natura Fair in M\u00e1laga"},"content":{"rendered":"<p>Y si hace unas semanas descubr\u00edamos nuestra gama de helados saludables,&nbsp;<strong>SIN gluten y 100% ecol\u00f3gicos<\/strong>, al sector de la hosteler\u00eda de M\u00e1laga; ahora volvemos a la ciudad andaluza para repetir la experiencia en el Sal\u00f3n Natura M\u00e1laga. Pero esta vez con un p\u00fablico algo distinto: \u00a1Para todos!<\/p>\n<p>De hecho, Natura M\u00e1laga&nbsp;es el punto de encuentro de empresas, profesionales y ciudadanos&nbsp;comprometidos con la alimentaci\u00f3n consciente, el consumo responsable o la adquisici\u00f3n de h\u00e1bitos positivos para el bienestar f\u00edsico y emocional.<\/p>\n<h3 class=\"wp-block-heading\">Una cita \u2018healthy\u2019 abierta a todos<\/h3>\n<p>Por eso es una cita ineludible para quienes amamos la vida saludable y la fomentamos, aportando una visi\u00f3n \u2018<strong>healthy<\/strong>\u2019 a lo que hacemos. Es lo que hemos podido compartir durante los tres d\u00edas que ha durado esta feria, abierta a todas esas personas preocupadas por el cuidado de la salud.<\/p>\n<p><strong>\u00a1Imaginad m\u00e1s de 5.000 visitantes buscando soluciones sostenibles, que respeten el medio ambiente en todos los \u00e1mbitos<\/strong>!<\/p>\n<blockquote class=\"wp-block-quote is-layout-flow wp-block-quote-is-layout-flow\">\n<p>Natura M\u00e1laga se ha consolidado como uno de los encuentros de referencia vinculados a la promoci\u00f3n del estilo de vida saludable y sostenible<\/p>\n<\/blockquote>\n<p>Pues ah\u00ed es donde hemos podido lucir nuestras mejores galas y hemos vuelto a mostrar\u00a0<a href=\"https:\/\/runakayplus.com\/nuestros-helados\/\" target=\"_blank\" rel=\"noopener\">nuestros helados<\/a> ecol\u00f3gicos y artesanales\u00a0\u2026 \u00a1Con \u00e9xito!<\/p>\n<p>Lo mejor de los helados BIO <a href=\"https:\/\/runakayplus.com\/sobre-nosotros\/\" target=\"_blank\" rel=\"noopener\">RUNAKAY<\/a> es que puedes encontrar los sabores que se adapten a tus necesidades, sin que haya ni atisbo de remordimiento cuando vayas a probarlos. Todos son SIN gluten, elaborados con ingredientes 100% naturales y ecol\u00f3gicos. Y tienes tres familias para escoger:<\/p>\n<ul class=\"wp-block-list\">\n<li>Helados SIN gluten y SIN l\u00e1cteos<\/li>\n<li>Helados SIN gluten, SIN l\u00e1cteos y SIN az\u00facares refinados<\/li>\n<li><strong>Helados SIN gluten y SIN az\u00facares refinados<\/strong><\/li>\n<\/ul>\n<p>Y tras M\u00e1laga, seguimos nuestra ruta\u2026 Esta vez hasta Ir\u00fan, Barcelona e incluso Francia. \u00a1Queremos que este placer saludable al que hemos dedicado toda nuestra pasi\u00f3n y esfuerzo os llegue, est\u00e9is donde est\u00e9is!<\/p>\n<p>As\u00ed que, atentos a nuestras pr\u00f3ximas paradas<\/p>\n<p>\u00a1Con ganas de seguir comparti\u00e9ndolo!<\/p>\n<div class=\"relacionados-runakay\" style=\"margin-top:2em;padding:1.2em 1.5em;background:#f0f7f0;border-left:4px solid #2d6a2d;border-radius:4px;\">\n<p style=\"font-weight:bold;margin-bottom:.6em;\">Tambi\u00e9n te puede interesar<\/p>\n<ul style=\"margin:0;padding-left:1.2em;\">\n<li><a href=\"https:\/\/runakayplus.com\/nuestros-helados\/\" target=\"_blank\" rel=\"noopener\">Ver todos nuestros helados<\/a><\/li>\n<li><a href=\"https:\/\/runakayplus.com\/sobre-nosotros\/\" target=\"_blank\" rel=\"noopener\">Nuestra historia<\/a><\/li>\n<li><a href=\"https:\/\/runakayplus.com\/donde-comprar\/\" target=\"_blank\" rel=\"noopener\">D\u00f3nde comprar helados Runakay<\/a><\/li>\n<\/ul>\n<\/div>\n","protected":false},"excerpt":{"rendered":"<p>Y si hace unas semanas descubr\u00edamos nuestra gama de helados saludables,&nbsp;SIN gluten y 100% ecol\u00f3gicos, al sector de la hosteler\u00eda de M\u00e1laga; ahora volvemos a la ciudad andaluza para repetir la experiencia en el Sal\u00f3n Natura M\u00e1laga. Pero esta vez con un p\u00fablico algo&#8230; <\/p>\n<div class=\"readmore\"><a href=\"https:\/\/www.runakayplus.com\/en\/blog\/our-organic-ice-creams-at-the-natura-fair-in-malaga\/\" class=\"kf-btn-link\"><span>Read more<\/span> <i class=\"fas fa-chevron-right\"><\/i><\/a><\/div>\n","protected":false},"author":2,"featured_media":0,"comment_status":"closed","ping_status":"closed","sticky":false,"template":"","format":"standard","meta":{"_acf_changed":false,"footnotes":""},"categories":[32],"tags":[],"class_list":["post-4539","post","type-post","status-publish","format-standard","hentry","category-blog"],"acf":[],"_links":{"self":[{"href":"https:\/\/www.runakayplus.com\/en\/wp-json\/wp\/v2\/posts\/4539","targetHints":{"allow":["GET"]}}],"collection":[{"href":"https:\/\/www.runakayplus.com\/en\/wp-json\/wp\/v2\/posts"}],"about":[{"href":"https:\/\/www.runakayplus.com\/en\/wp-json\/wp\/v2\/types\/post"}],"author":[{"embeddable":true,"href":"https:\/\/www.runakayplus.com\/en\/wp-json\/wp\/v2\/users\/2"}],"replies":[{"embeddable":true,"href":"https:\/\/www.runakayplus.com\/en\/wp-json\/wp\/v2\/comments?post=4539"}],"version-history":[{"count":2,"href":"https:\/\/www.runakayplus.com\/en\/wp-json\/wp\/v2\/posts\/4539\/revisions"}],"predecessor-version":[{"id":4732,"href":"https:\/\/www.runakayplus.com\/en\/wp-json\/wp\/v2\/posts\/4539\/revisions\/4732"}],"wp:attachment":[{"href":"https:\/\/www.runakayplus.com\/en\/wp-json\/wp\/v2\/media?parent=4539"}],"wp:term":[{"taxonomy":"category","embeddable":true,"href":"https:\/\/www.runakayplus.com\/en\/wp-json\/wp\/v2\/categories?post=4539"},{"taxonomy":"post_tag","embeddable":true,"href":"https:\/\/www.runakayplus.com\/en\/wp-json\/wp\/v2\/tags?post=4539"}],"curies":[{"name":"wp","href":"https:\/\/api.w.org\/{rel}","templated":true}]}}